{"id":43188,"date":"2026-04-27T17:26:09","date_gmt":"2026-04-27T15:26:09","guid":{"rendered":"https:\/\/cineytele.com\/play\/?post_type=noticias&#038;p=43188"},"modified":"2026-04-27T17:26:35","modified_gmt":"2026-04-27T15:26:35","slug":"tony-bancroft-debuta-en-animayo-gran-canaria","status":"publish","type":"noticias","link":"https:\/\/cineytele.com\/play\/noticias\/tony-bancroft-debuta-en-animayo-gran-canaria\/","title":{"rendered":"Tony Bancroft debuta en Animayo Gran Canaria"},"content":{"rendered":"\n<h2 class=\"wp-block-heading\">El legendario animador de Disney participar\u00e1 en la 21\u00aa edici\u00f3n del festival con master class, taller y presentaci\u00f3n especial.<\/h2>\n\n\n\n<figure class=\"wp-block-image aligncenter size-full is-resized\"><img fetchpriority=\"high\" decoding=\"async\" width=\"396\" height=\"221\" src=\"https:\/\/cineytele.com\/play\/wp-content\/uploads\/2026\/04\/image-159.png\" alt=\"\" class=\"wp-image-43189\" style=\"width:674px;height:auto\" srcset=\"https:\/\/cineytele.com\/play\/wp-content\/uploads\/2026\/04\/image-159.png 396w, https:\/\/cineytele.com\/play\/wp-content\/uploads\/2026\/04\/image-159-300x167.png 300w\" sizes=\"(max-width: 396px) 100vw, 396px\" \/><figcaption class=\"wp-element-caption\">The Piano 2026 <\/figcaption><\/figure>\n\n\n\n<p>   <\/p>\n\n\n\n<figure class=\"wp-block-image alignleft size-full is-resized\"><img decoding=\"async\" width=\"182\" height=\"273\" src=\"https:\/\/cineytele.com\/play\/wp-content\/uploads\/2026\/04\/image-160.png\" alt=\"\" class=\"wp-image-43190\" style=\"width:163px;height:auto\"\/><figcaption class=\"wp-element-caption\">   Tony Bancroft <\/figcaption><\/figure>\n\n\n\n<p>El reconocido director, productor y animador <strong>Tony Bancroft<\/strong>, figura clave del renacimiento de la animaci\u00f3n de Disney en los a\u00f1os noventa, ser\u00e1 uno de los grandes protagonistas de la 21\u00aa edici\u00f3n de Animayo Gran Canaria. El codirector de <em>Mul\u00e1n<\/em> visitar\u00e1 por primera vez Espa\u00f1a para compartir su experiencia con profesionales y estudiantes del sector.<\/p>\n\n\n\n<p>Con m\u00e1s de tres d\u00e9cadas de trayectoria, <strong>Tony Bancroft<\/strong> ha trabajado con estudios como Disney Animation Studios, Sony Pictures y Warner Bros. Pictures, participando en t\u00edtulos emblem\u00e1ticos como <em>El Rey Le\u00f3n<\/em>, <em>Aladdin<\/em> o <em>La Bella y la Bestia<\/em>. Adem\u00e1s, es el creador de personajes ic\u00f3nicos como Pumba, Iago o Kronk, consolidando su impacto en la historia de la animaci\u00f3n contempor\u00e1nea.<\/p>\n\n\n\n<p>Durante el festival, impartir\u00e1 el taller \u201cVisual Storytelling: Think Like an Artist, Tell Like a Director\u201d y la master class \u201cAnimation with a Legacy: Mulan, The Lion King, Aladdin and Other Unforgettable Films\u201d, donde abordar\u00e1 claves sobre narrativa visual, direcci\u00f3n y creaci\u00f3n de personajes. Ambas actividades incluir\u00e1n firma de aut\u00f3grafos al finalizar.<\/p>\n\n\n\n<p>Asimismo, <strong>Tony Bancroft<\/strong> presentar\u00e1 el cortometraje <em><strong>The Piano<\/strong><\/em>, dirigido por <strong>Avery Kroll<\/strong>, del que es productor ejecutivo. Esta proyecci\u00f3n tendr\u00e1 lugar el 6 de mayo en el Espacio CICCA, dentro de la Gala de Presentaci\u00f3n de Invitados Estrella, con entrada gratuita hasta completar aforo.<\/p>\n\n\n\n<p>   <\/p>\n\n\n\n<figure class=\"wp-block-image alignright size-full is-resized\"><img decoding=\"async\" width=\"247\" height=\"165\" src=\"https:\/\/cineytele.com\/play\/wp-content\/uploads\/2026\/04\/image-161.png\" alt=\"\" class=\"wp-image-43191\" style=\"width:269px;height:auto\"\/><figcaption class=\"wp-element-caption\">Tony Bancroft en su etapa de docente <\/figcaption><\/figure>\n\n\n\n<p>Formado en el prestigioso California Institute of the Arts (CalArts), <strong>Tony Bancroft<\/strong> tambi\u00e9n ha desarrollado una amplia carrera como docente, siendo actualmente director de los programas de animaci\u00f3n en la Universidad de Lipscomb. Adem\u00e1s, es cofundador del estudio Toonacious Family Entertainment y del podcast The Bancroft Brothers Animation.<\/p>\n\n\n\n<p>La 21\u00aa edici\u00f3n de Animayo Gran Canaria, que se celebrar\u00e1 del 6 al 9 de mayo en Las Palmas de Gran Canaria, reunir\u00e1 a m\u00e1s de 40 invitados internacionales vinculados a estudios como Pixar, Disney, DreamWorks o Skydance Animation. Considerado el \u00fanico festival de animaci\u00f3n en Espa\u00f1a que cualifica para los premios Oscar\u00ae, el evento ofrecer\u00e1 un amplio programa con master classes, talleres, secciones a concurso y actividades de networking.<\/p>\n\n\n\n<p>En palabras de su director, <strong>Dami\u00e1n Perea<\/strong>, Animayo contin\u00faa consolid\u00e1ndose como \u201cuna plataforma internacional donde el talento no solo se muestra, sino que se conecta\u201d, reafirmando su papel como punto de encuentro entre industria, creatividad y nuevas generaciones.<\/p>\n\n\n\n<p><\/p>\n","protected":false},"excerpt":{"rendered":"<p>El legendario animador de Disney participar\u00e1 en la 21\u00aa edici\u00f3n del festival con master class, taller y presentaci\u00f3n especial.<\/p>\n","protected":false},"author":28,"featured_media":43189,"template":"","tags":[8271,460,8270],"categoria-de-noticias":[],"class_list":["post-43188","noticias","type-noticias","status-publish","has-post-thumbnail","hentry","tag-animayo","tag-disney-2","tag-tony-bancroft"],"_links":{"self":[{"href":"https:\/\/cineytele.com\/play\/wp-json\/wp\/v2\/noticias\/43188","targetHints":{"allow":["GET"]}}],"collection":[{"href":"https:\/\/cineytele.com\/play\/wp-json\/wp\/v2\/noticias"}],"about":[{"href":"https:\/\/cineytele.com\/play\/wp-json\/wp\/v2\/types\/noticias"}],"author":[{"embeddable":true,"href":"https:\/\/cineytele.com\/play\/wp-json\/wp\/v2\/users\/28"}],"wp:featuredmedia":[{"embeddable":true,"href":"https:\/\/cineytele.com\/play\/wp-json\/wp\/v2\/media\/43189"}],"wp:attachment":[{"href":"https:\/\/cineytele.com\/play\/wp-json\/wp\/v2\/media?parent=43188"}],"wp:term":[{"taxonomy":"post_tag","embeddable":true,"href":"https:\/\/cineytele.com\/play\/wp-json\/wp\/v2\/tags?post=43188"},{"taxonomy":"categoria-de-noticias","embeddable":true,"href":"https:\/\/cineytele.com\/play\/wp-json\/wp\/v2\/categoria-de-noticias?post=43188"}],"curies":[{"name":"wp","href":"https:\/\/api.w.org\/{rel}","templated":true}]}}