{"id":43192,"date":"2026-04-27T17:40:31","date_gmt":"2026-04-27T15:40:31","guid":{"rendered":"https:\/\/cineytele.com\/play\/?post_type=noticias&#038;p=43192"},"modified":"2026-04-27T17:42:38","modified_gmt":"2026-04-27T15:42:38","slug":"amazon-music-lanza-el-track-by-track-de-el-baifo-de-quevedo","status":"publish","type":"noticias","link":"https:\/\/cineytele.com\/play\/noticias\/amazon-music-lanza-el-track-by-track-de-el-baifo-de-quevedo\/","title":{"rendered":"Amazon Music lanza el Track by Track de \u201cEL BAIFO\u201d de Quevedo"},"content":{"rendered":"\n<h2 class=\"wp-block-heading\">La plataforma estrena en exclusiva un formato donde el artista desvela el proceso creativo de su nuevo \u00e1lbum.<br>El contenido acompa\u00f1a el lanzamiento de su tercer trabajo de estudio, m\u00e1s personal y arraigado a Canarias.<\/h2>\n\n\n\n<figure class=\"wp-block-image aligncenter size-large is-resized\"><img fetchpriority=\"high\" decoding=\"async\" width=\"1024\" height=\"1024\" src=\"https:\/\/cineytele.com\/play\/wp-content\/uploads\/2026\/04\/image-162-1024x1024.png\" alt=\"\" class=\"wp-image-43193\" style=\"width:519px;height:auto\" srcset=\"https:\/\/cineytele.com\/play\/wp-content\/uploads\/2026\/04\/image-162-1024x1024.png 1024w, https:\/\/cineytele.com\/play\/wp-content\/uploads\/2026\/04\/image-162-300x300.png 300w, https:\/\/cineytele.com\/play\/wp-content\/uploads\/2026\/04\/image-162-150x150.png 150w, https:\/\/cineytele.com\/play\/wp-content\/uploads\/2026\/04\/image-162-768x768.png 768w, https:\/\/cineytele.com\/play\/wp-content\/uploads\/2026\/04\/image-162-1536x1536.png 1536w, https:\/\/cineytele.com\/play\/wp-content\/uploads\/2026\/04\/image-162.png 1920w\" sizes=\"(max-width: 1024px) 100vw, 1024px\" \/><figcaption class=\"wp-element-caption\">Quevedo X Amazon Music <\/figcaption><\/figure>\n\n\n\n<p><strong>Amazon Music<\/strong> ha presentado en exclusiva el Track by Track de <em>\u201cEL BAIFO\u201d<\/em>, el nuevo \u00e1lbum de <strong>Quevedo<\/strong>, ofreciendo a los oyentes una experiencia inmersiva en la que el artista canario desglosa el origen, las referencias y las historias personales detr\u00e1s de cada canci\u00f3n.<\/p>\n\n\n\n<p>   <\/p>\n\n\n\n<figure class=\"wp-block-image alignleft size-full is-resized\"><img decoding=\"async\" width=\"500\" height=\"500\" src=\"https:\/\/cineytele.com\/play\/wp-content\/uploads\/2026\/04\/image-163.png\" alt=\"\" class=\"wp-image-43194\" style=\"width:265px;height:auto\" srcset=\"https:\/\/cineytele.com\/play\/wp-content\/uploads\/2026\/04\/image-163.png 500w, https:\/\/cineytele.com\/play\/wp-content\/uploads\/2026\/04\/image-163-300x300.png 300w, https:\/\/cineytele.com\/play\/wp-content\/uploads\/2026\/04\/image-163-150x150.png 150w\" sizes=\"(max-width: 500px) 100vw, 500px\" \/><figcaption class=\"wp-element-caption\">      Quevedo \u00abEl Baifo\u00bb<\/figcaption><\/figure>\n\n\n\n<p>A trav\u00e9s de este formato, <strong>Quevedo<\/strong> comparte an\u00e9cdotas y reflexiones que permiten comprender en profundidad el proceso creativo de un disco que supone un giro en su carrera hacia una propuesta m\u00e1s natural, cercana y aut\u00e9ntica. Compuesto por 14 temas, <em>\u201cEL BAIFO\u201d<\/em> se inspira en la cultura y las tradiciones de Canarias, construyendo un universo ligado a las verbenas, la identidad local y la celebraci\u00f3n colectiva.<\/p>\n\n\n\n<p>El t\u00edtulo del \u00e1lbum hace referencia al t\u00e9rmino canario para denominar a la cabra peque\u00f1a, simbolizando el v\u00ednculo del artista con su tierra. En este proyecto, <strong>Quevedo<\/strong> se aleja de narrativas anteriores para mostrar una faceta m\u00e1s personal, conectada con sus ra\u00edces y su entorno.<\/p>\n\n\n\n<p>El disco llega tras los adelantos <em>\u201cNi borracho\u201d<\/em> y <em>\u201cScandic\u201d<\/em>, y cuenta con colaboraciones de artistas como <strong>Elvis Crespo<\/strong>, <strong>Lucho RK<\/strong>, <strong>La Pantera<\/strong>, <strong>Juseph<\/strong>, <strong>Los Gofiones<\/strong>, <strong>Nueva L\u00ednea<\/strong> y <strong>Tonny Tun Tun<\/strong>, reforzando la fusi\u00f3n entre lo tradicional y lo contempor\u00e1neo.<\/p>\n\n\n\n<p>   <\/p>\n\n\n\n<figure class=\"wp-block-image alignright size-full is-resized\"><img decoding=\"async\" width=\"640\" height=\"360\" src=\"https:\/\/cineytele.com\/play\/wp-content\/uploads\/2026\/04\/image-164.png\" alt=\"\" class=\"wp-image-43195\" style=\"width:330px;height:auto\" srcset=\"https:\/\/cineytele.com\/play\/wp-content\/uploads\/2026\/04\/image-164.png 640w, https:\/\/cineytele.com\/play\/wp-content\/uploads\/2026\/04\/image-164-300x169.png 300w\" sizes=\"(max-width: 640px) 100vw, 640px\" \/><figcaption class=\"wp-element-caption\">               Track by Track de El canario <\/figcaption><\/figure>\n\n\n\n<p>Desde <strong>Amazon Music<\/strong>, su responsable en Espa\u00f1a, <strong>Claire Imoucha<\/strong>, destaca el valor de esta propuesta: una experiencia que trasciende la escucha musical al permitir conocer la historia y emoci\u00f3n detr\u00e1s de cada tema, fortaleciendo el v\u00ednculo entre artista y audiencia.<\/p>\n\n\n\n<p>Con este lanzamiento, <strong>Amazon Music<\/strong> reafirma su apuesta por formatos innovadores que acercan el proceso creativo al p\u00fablico, consolidando nuevas formas de consumo musical m\u00e1s profundas y personalizadas.<\/p>\n\n\n\n<p><\/p>\n","protected":false},"excerpt":{"rendered":"<p>La plataforma estrena en exclusiva un formato donde el artista desvela el proceso creativo de su nuevo \u00e1lbum.<br \/>\nEl contenido acompa\u00f1a el lanzamiento de su tercer trabajo de estudio, m\u00e1s personal y arraigado a Canarias.<\/p>\n","protected":false},"author":28,"featured_media":43193,"template":"","tags":[7793,8112,1044],"categoria-de-noticias":[],"class_list":["post-43192","noticias","type-noticias","status-publish","has-post-thumbnail","hentry","tag-7793","tag-amazon-music","tag-quevedo"],"_links":{"self":[{"href":"https:\/\/cineytele.com\/play\/wp-json\/wp\/v2\/noticias\/43192","targetHints":{"allow":["GET"]}}],"collection":[{"href":"https:\/\/cineytele.com\/play\/wp-json\/wp\/v2\/noticias"}],"about":[{"href":"https:\/\/cineytele.com\/play\/wp-json\/wp\/v2\/types\/noticias"}],"author":[{"embeddable":true,"href":"https:\/\/cineytele.com\/play\/wp-json\/wp\/v2\/users\/28"}],"wp:featuredmedia":[{"embeddable":true,"href":"https:\/\/cineytele.com\/play\/wp-json\/wp\/v2\/media\/43193"}],"wp:attachment":[{"href":"https:\/\/cineytele.com\/play\/wp-json\/wp\/v2\/media?parent=43192"}],"wp:term":[{"taxonomy":"post_tag","embeddable":true,"href":"https:\/\/cineytele.com\/play\/wp-json\/wp\/v2\/tags?post=43192"},{"taxonomy":"categoria-de-noticias","embeddable":true,"href":"https:\/\/cineytele.com\/play\/wp-json\/wp\/v2\/categoria-de-noticias?post=43192"}],"curies":[{"name":"wp","href":"https:\/\/api.w.org\/{rel}","templated":true}]}}