{"id":43196,"date":"2026-04-27T17:49:55","date_gmt":"2026-04-27T15:49:55","guid":{"rendered":"https:\/\/cineytele.com\/play\/?post_type=noticias&#038;p=43196"},"modified":"2026-04-27T17:53:52","modified_gmt":"2026-04-27T15:53:52","slug":"arte-tv-estrena-espana-rural","status":"publish","type":"noticias","link":"https:\/\/cineytele.com\/play\/noticias\/arte-tv-estrena-espana-rural\/","title":{"rendered":"ARTE.tv estrena \u201cEspa\u00f1a rural\u201d"},"content":{"rendered":"\n<h2 class=\"wp-block-heading\">La plataforma lanza una serie documental que explora la Espa\u00f1a menos conocida.<br>Cuatro episodios recorren territorios marcados por la despoblaci\u00f3n y nuevas formas de vida. <\/h2>\n\n\n\n<figure class=\"wp-block-image aligncenter size-full is-resized\"><img fetchpriority=\"high\" decoding=\"async\" width=\"628\" height=\"353\" src=\"https:\/\/cineytele.com\/play\/wp-content\/uploads\/2026\/04\/image-165.png\" alt=\"\" class=\"wp-image-43197\" style=\"width:650px;height:auto\" srcset=\"https:\/\/cineytele.com\/play\/wp-content\/uploads\/2026\/04\/image-165.png 628w, https:\/\/cineytele.com\/play\/wp-content\/uploads\/2026\/04\/image-165-300x169.png 300w\" sizes=\"(max-width: 628px) 100vw, 628px\" \/><figcaption class=\"wp-element-caption\">Espa\u00f1a Rural llega a Arte.Tv <\/figcaption><\/figure>\n\n\n\n<p><strong>ARTE.tv<\/strong> ha estrenado <em>\u201cEspa\u00f1a rural\u201d<\/em>, una serie documental de cuatro episodios que propone un recorrido profundo por la denominada \u201cEspa\u00f1a vaciada\u201d, un vasto territorio que ocupa cerca de la mitad del pa\u00eds y que permanece al margen de los circuitos tur\u00edsticos y de las representaciones m\u00e1s estereotipadas. La producci\u00f3n ofrece una mirada detallada a su extraordinaria diversidad paisaj\u00edstica, cultural y humana, poniendo el foco tanto en sus desaf\u00edos como en las oportunidades que emergen en estos entornos.<\/p>\n\n\n\n<p>   <\/p>\n\n\n\n<figure class=\"wp-block-image alignright size-full is-resized\"><img decoding=\"async\" width=\"480\" height=\"480\" src=\"https:\/\/cineytele.com\/play\/wp-content\/uploads\/2026\/04\/image-168.png\" alt=\"\" class=\"wp-image-43200\" style=\"width:215px;height:auto\" srcset=\"https:\/\/cineytele.com\/play\/wp-content\/uploads\/2026\/04\/image-168.png 480w, https:\/\/cineytele.com\/play\/wp-content\/uploads\/2026\/04\/image-168-300x300.png 300w, https:\/\/cineytele.com\/play\/wp-content\/uploads\/2026\/04\/image-168-150x150.png 150w\" sizes=\"(max-width: 480px) 100vw, 480px\" \/><figcaption class=\"wp-element-caption\">Roland May director de el documental <\/figcaption><\/figure>\n\n\n\n<p>Dirigida por el cineasta alem\u00e1n <strong>Roland May<\/strong>, con m\u00e1s de tres d\u00e9cadas de trayectoria en televisi\u00f3n y publicidad y galardonado con premios como el Adolf Grimme o el Friedrich Vogel, la serie adopta un enfoque \u00edntimo y observacional para retratar a quienes habitan y revitalizan estas regiones. A trav\u00e9s de sus historias, se articula un relato que combina memoria, identidad y transformaci\u00f3n, mostrando c\u00f3mo la despoblaci\u00f3n convive con iniciativas de innovaci\u00f3n, resistencia y redescubrimiento del territorio.<\/p>\n\n\n\n<p>    <\/p>\n\n\n\n<figure class=\"wp-block-image alignleft size-large is-resized\"><img decoding=\"async\" width=\"1024\" height=\"576\" src=\"https:\/\/cineytele.com\/play\/wp-content\/uploads\/2026\/04\/image-166-1024x576.png\" alt=\"\" class=\"wp-image-43198\" style=\"width:338px;height:auto\" srcset=\"https:\/\/cineytele.com\/play\/wp-content\/uploads\/2026\/04\/image-166-1024x576.png 1024w, https:\/\/cineytele.com\/play\/wp-content\/uploads\/2026\/04\/image-166-300x169.png 300w, https:\/\/cineytele.com\/play\/wp-content\/uploads\/2026\/04\/image-166-768x432.png 768w, https:\/\/cineytele.com\/play\/wp-content\/uploads\/2026\/04\/image-166-1536x864.png 1536w, https:\/\/cineytele.com\/play\/wp-content\/uploads\/2026\/04\/image-166.png 1920w\" sizes=\"(max-width: 1024px) 100vw, 1024px\" \/><figcaption class=\"wp-element-caption\">       Explorando el interior de Espa\u00f1a <\/figcaption><\/figure>\n\n\n\n<p>A lo largo de sus cuatro episodios, la serie recorre enclaves como <strong>Asturias, Zamora, Soria, Teruel, C\u00e1ceres, Toledo, Cuenca y Albacete,<\/strong> estructurando su narrativa en torno a historias personales que ejemplifican distintas formas de vida en el medio rural. Desde tradiciones centenarias como la cr\u00eda artesanal o la trashumancia, hasta proyectos contempor\u00e1neos como escuelas rurales que atraen a nuevas familias, iniciativas art\u00edsticas que transforman espacios urbanos o propuestas arquitect\u00f3nicas vanguardistas integradas en la naturaleza.<\/p>\n\n\n\n<p>Entre sus protagonistas destacan perfiles diversos: ganaderos que preservan razas aut\u00f3ctonas y modos de vida tradicionales, artistas que revalorizan la identidad local, emprendedores que impulsan modelos sostenibles o nuevos pobladores que encuentran en estos territorios una alternativa vital. La serie tambi\u00e9n aborda cuestiones como el acceso a servicios b\u00e1sicos, la soledad geogr\u00e1fica o la reconstrucci\u00f3n de comunidades, ofreciendo una visi\u00f3n compleja y matizada del presente rural.<\/p>\n\n\n\n<p>   <\/p>\n\n\n\n<figure class=\"wp-block-image alignright size-large is-resized\"><img loading=\"lazy\" decoding=\"async\" width=\"1024\" height=\"576\" src=\"https:\/\/cineytele.com\/play\/wp-content\/uploads\/2026\/04\/image-167-1024x576.png\" alt=\"\" class=\"wp-image-43199\" style=\"width:317px;height:auto\" srcset=\"https:\/\/cineytele.com\/play\/wp-content\/uploads\/2026\/04\/image-167-1024x576.png 1024w, https:\/\/cineytele.com\/play\/wp-content\/uploads\/2026\/04\/image-167-300x169.png 300w, https:\/\/cineytele.com\/play\/wp-content\/uploads\/2026\/04\/image-167-768x432.png 768w, https:\/\/cineytele.com\/play\/wp-content\/uploads\/2026\/04\/image-167-1536x864.png 1536w, https:\/\/cineytele.com\/play\/wp-content\/uploads\/2026\/04\/image-167.png 1920w\" sizes=\"(max-width: 1024px) 100vw, 1024px\" \/><figcaption class=\"wp-element-caption\">        El compromiso cultural de Arte.Tv <\/figcaption><\/figure>\n\n\n\n<p>Adem\u00e1s, <em><strong>\u201cEspa\u00f1a rural\u201d<\/strong><\/em> pone en valor elementos clave del patrimonio natural y cultural, como la biodiversidad, los paisajes agr\u00edcolas, la gastronom\u00eda o las tradiciones locales, estableciendo un di\u00e1logo entre pasado y futuro. En este sentido, la producci\u00f3n no solo documenta una realidad, sino que tambi\u00e9n invita a reflexionar sobre nuevas formas de habitar, producir y relacionarse con el entorno.<\/p>\n\n\n\n<p>Con este estreno, <strong>ARTE.tv<\/strong> reafirma su compromiso con el documental de car\u00e1cter social y cultural, consolidando su posici\u00f3n como plataforma que apuesta por contenidos de profundidad, capaces de conectar al espectador con realidades poco visibilizadas y de generar una reflexi\u00f3n sobre los grandes retos contempor\u00e1neos. <\/p>\n\n\n\n<p><\/p>\n","protected":false},"excerpt":{"rendered":"<p>La plataforma lanza una serie documental que explora la Espa\u00f1a menos conocida.<br \/>\nCuatro episodios recorren territorios marcados por la despoblaci\u00f3n y nuevas formas de vida. <\/p>\n","protected":false},"author":28,"featured_media":43197,"template":"","tags":[5962,599,8272,66],"categoria-de-noticias":[],"class_list":["post-43196","noticias","type-noticias","status-publish","has-post-thumbnail","hentry","tag-arte-tv","tag-espana","tag-espana-rural","tag-estreno"],"_links":{"self":[{"href":"https:\/\/cineytele.com\/play\/wp-json\/wp\/v2\/noticias\/43196","targetHints":{"allow":["GET"]}}],"collection":[{"href":"https:\/\/cineytele.com\/play\/wp-json\/wp\/v2\/noticias"}],"about":[{"href":"https:\/\/cineytele.com\/play\/wp-json\/wp\/v2\/types\/noticias"}],"author":[{"embeddable":true,"href":"https:\/\/cineytele.com\/play\/wp-json\/wp\/v2\/users\/28"}],"wp:featuredmedia":[{"embeddable":true,"href":"https:\/\/cineytele.com\/play\/wp-json\/wp\/v2\/media\/43197"}],"wp:attachment":[{"href":"https:\/\/cineytele.com\/play\/wp-json\/wp\/v2\/media?parent=43196"}],"wp:term":[{"taxonomy":"post_tag","embeddable":true,"href":"https:\/\/cineytele.com\/play\/wp-json\/wp\/v2\/tags?post=43196"},{"taxonomy":"categoria-de-noticias","embeddable":true,"href":"https:\/\/cineytele.com\/play\/wp-json\/wp\/v2\/categoria-de-noticias?post=43196"}],"curies":[{"name":"wp","href":"https:\/\/api.w.org\/{rel}","templated":true}]}}