{"id":43201,"date":"2026-04-27T18:04:46","date_gmt":"2026-04-27T16:04:46","guid":{"rendered":"https:\/\/cineytele.com\/play\/?post_type=noticias&#038;p=43201"},"modified":"2026-04-27T18:07:41","modified_gmt":"2026-04-27T16:07:41","slug":"we-the-hispanos-busca-consolidarse-en-cartelera-y-anima-al-publico-a-llenar-las-salas","status":"publish","type":"noticias","link":"https:\/\/cineytele.com\/play\/noticias\/we-the-hispanos-busca-consolidarse-en-cartelera-y-anima-al-publico-a-llenar-las-salas\/","title":{"rendered":"\u201cWe the Hispanos\u201d busca consolidarse en cartelera y anima al p\u00fablico a llenar las salas"},"content":{"rendered":"\n<h2 class=\"wp-block-heading\">El documental sobre la huella hispana en Estados Unidos se mantiene en cartelera y busca consolidar su recorrido en salas.<br>La producci\u00f3n invita al p\u00fablico a apoyar su exhibici\u00f3n acudiendo al cine durante un fin de semana clave.<\/h2>\n\n\n\n<figure class=\"wp-block-image aligncenter size-large is-resized\"><img fetchpriority=\"high\" decoding=\"async\" width=\"1024\" height=\"576\" src=\"https:\/\/cineytele.com\/play\/wp-content\/uploads\/2026\/04\/image-169-1024x576.png\" alt=\"\" class=\"wp-image-43202\" style=\"width:716px;height:auto\" srcset=\"https:\/\/cineytele.com\/play\/wp-content\/uploads\/2026\/04\/image-169-1024x576.png 1024w, https:\/\/cineytele.com\/play\/wp-content\/uploads\/2026\/04\/image-169-300x169.png 300w, https:\/\/cineytele.com\/play\/wp-content\/uploads\/2026\/04\/image-169-768x432.png 768w, https:\/\/cineytele.com\/play\/wp-content\/uploads\/2026\/04\/image-169-1536x864.png 1536w, https:\/\/cineytele.com\/play\/wp-content\/uploads\/2026\/04\/image-169.png 1920w\" sizes=\"(max-width: 1024px) 100vw, 1024px\" \/><figcaption class=\"wp-element-caption\">We the hispanos cartel oficial de la pel\u00edcula <\/figcaption><\/figure>\n\n\n\n<p>El documental <em>\u201cWe the Hispanos\u201d<\/em>, dirigido por <strong>Jos\u00e9 Luis L\u00f3pez-Linares<\/strong>, contin\u00faa su recorrido en salas de cine tras su estreno en Espa\u00f1a, consolid\u00e1ndose como una de las propuestas documentales m\u00e1s comentadas de la temporada. La pel\u00edcula, distribuida por <strong>Bosco Films<\/strong>, explora el legado hist\u00f3rico, cultural y social de la presencia hispana en Estados Unidos, reivindicando su papel en la construcci\u00f3n del pa\u00eds y su influencia hasta la actualidad.<\/p>\n\n\n\n<figure class=\"wp-block-image alignleft size-full is-resized\"><img decoding=\"async\" width=\"530\" height=\"755\" src=\"https:\/\/cineytele.com\/play\/wp-content\/uploads\/2026\/04\/image-171.png\" alt=\"\" class=\"wp-image-43204\" style=\"width:192px;height:auto\" srcset=\"https:\/\/cineytele.com\/play\/wp-content\/uploads\/2026\/04\/image-171.png 530w, https:\/\/cineytele.com\/play\/wp-content\/uploads\/2026\/04\/image-171-211x300.png 211w\" sizes=\"(max-width: 530px) 100vw, 530px\" \/><figcaption class=\"wp-element-caption\">se busca fortalecer su permanencia en cartelera<\/figcaption><\/figure>\n\n\n\n<p>Seg\u00fan informaci\u00f3n de su distribuci\u00f3n y estreno en salas, el film ha llegado a los cines espa\u00f1oles en abril de 2026, con una estrategia de exhibici\u00f3n limitada que busca <strong>fortalecer su permanencia en cartelera a trav\u00e9s del apoyo del p\u00fablico en salas f\u00edsicas.<\/strong><\/p>\n\n\n\n<p>La producci\u00f3n ha tenido una recepci\u00f3n destacada en su primer fin de semana, logrando una buena media por copia y posicion\u00e1ndose como uno de los documentales con mejor rendimiento reciente en taquilla dentro del cine espa\u00f1ol.<\/p>\n\n\n\n<p>A trav\u00e9s de un enfoque divulgativo e hist\u00f3rico,<strong> <em>\u201cWe the Hispanos\u201d<\/em><\/strong> recorre figuras, episodios y elementos culturales que conectan la historia de Espa\u00f1a con el desarrollo de Estados Unidos, subrayando la dimensi\u00f3n hispana en \u00e1mbitos como la exploraci\u00f3n, la religi\u00f3n, la m\u00fasica y la identidad cultural contempor\u00e1nea.<\/p>\n\n\n\n<p>En este contexto, el equipo del documental ha lanzado un mensaje directo al p\u00fablico animando a mantener la asistencia a salas durante el fin de semana, considerado clave para la continuidad del proyecto en cartelera y su difusi\u00f3n a mayor escala.<\/p>\n\n\n\n<p>    <\/p>\n\n\n\n<figure class=\"wp-block-image alignright size-large is-resized\"><img decoding=\"async\" width=\"1024\" height=\"685\" src=\"https:\/\/cineytele.com\/play\/wp-content\/uploads\/2026\/04\/image-172-1024x685.png\" alt=\"\" class=\"wp-image-43205\" style=\"aspect-ratio:1.49480322316945;width:332px;height:auto\" srcset=\"https:\/\/cineytele.com\/play\/wp-content\/uploads\/2026\/04\/image-172-1024x685.png 1024w, https:\/\/cineytele.com\/play\/wp-content\/uploads\/2026\/04\/image-172-300x201.png 300w, https:\/\/cineytele.com\/play\/wp-content\/uploads\/2026\/04\/image-172-768x514.png 768w, https:\/\/cineytele.com\/play\/wp-content\/uploads\/2026\/04\/image-172-1536x1028.png 1536w, https:\/\/cineytele.com\/play\/wp-content\/uploads\/2026\/04\/image-172.png 2000w\" sizes=\"(max-width: 1024px) 100vw, 1024px\" \/><figcaption class=\"wp-element-caption\">Director Jos\u00e9 Luis L\u00f3pez Linares <\/figcaption><\/figure>\n\n\n\n<p>El film forma parte de una tendencia creciente de documentales hist\u00f3ricos que buscan <strong>recuperar memoria colectiva y generar debate cultural a trav\u00e9s de la experiencia cinematogr\u00e1fica en sala.<\/strong><\/p>\n\n\n\n<p>Con esta llamada a la participaci\u00f3n del p\u00fablico, <strong><em>\u201cWe the Hispanos\u201d<\/em> <\/strong>refuerza su posicionamiento como una producci\u00f3n que combina divulgaci\u00f3n hist\u00f3rica, narrativa audiovisual y estrategia de exhibici\u00f3n centrada en la experiencia colectiva del cine.<\/p>\n\n\n\n<p><\/p>\n","protected":false},"excerpt":{"rendered":"<p>El documental sobre la huella hispana en Estados Unidos se mantiene en cartelera y busca consolidar su recorrido en salas.<br \/>\nLa producci\u00f3n invita al p\u00fablico a apoyar su exhibici\u00f3n acudiendo al cine durante un fin de semana clave.<\/p>\n","protected":false},"author":28,"featured_media":43202,"template":"","tags":[7793,247,1312,8217],"categoria-de-noticias":[],"class_list":["post-43201","noticias","type-noticias","status-publish","has-post-thumbnail","hentry","tag-7793","tag-pelicula","tag-salas-de-cine","tag-we-the-hispanos"],"_links":{"self":[{"href":"https:\/\/cineytele.com\/play\/wp-json\/wp\/v2\/noticias\/43201","targetHints":{"allow":["GET"]}}],"collection":[{"href":"https:\/\/cineytele.com\/play\/wp-json\/wp\/v2\/noticias"}],"about":[{"href":"https:\/\/cineytele.com\/play\/wp-json\/wp\/v2\/types\/noticias"}],"author":[{"embeddable":true,"href":"https:\/\/cineytele.com\/play\/wp-json\/wp\/v2\/users\/28"}],"wp:featuredmedia":[{"embeddable":true,"href":"https:\/\/cineytele.com\/play\/wp-json\/wp\/v2\/media\/43202"}],"wp:attachment":[{"href":"https:\/\/cineytele.com\/play\/wp-json\/wp\/v2\/media?parent=43201"}],"wp:term":[{"taxonomy":"post_tag","embeddable":true,"href":"https:\/\/cineytele.com\/play\/wp-json\/wp\/v2\/tags?post=43201"},{"taxonomy":"categoria-de-noticias","embeddable":true,"href":"https:\/\/cineytele.com\/play\/wp-json\/wp\/v2\/categoria-de-noticias?post=43201"}],"curies":[{"name":"wp","href":"https:\/\/api.w.org\/{rel}","templated":true}]}}