{"id":43206,"date":"2026-04-27T19:35:29","date_gmt":"2026-04-27T17:35:29","guid":{"rendered":"https:\/\/cineytele.com\/play\/?post_type=noticias&#038;p=43206"},"modified":"2026-04-27T19:37:55","modified_gmt":"2026-04-27T17:37:55","slug":"las-ovejas-detectives-llega-a-los-cines-el-8-de-mayo-con-una-original-comedia-de-misterio-animada","status":"publish","type":"noticias","link":"https:\/\/cineytele.com\/play\/noticias\/las-ovejas-detectives-llega-a-los-cines-el-8-de-mayo-con-una-original-comedia-de-misterio-animada\/","title":{"rendered":"\u201cLas ovejas detectives\u201d llega a los cines el 8 de mayo con una original comedia de misterio animada"},"content":{"rendered":"\n<h2 class=\"wp-block-heading\">La nueva pel\u00edcula dirigida por Kyle Balda adapta la novela de Leonie Swann con un reparto de voces de lujo.<br>El film propone un ingenioso caso de investigaci\u00f3n protagonizado por un grupo de ovejas convertidas en detectives.<\/h2>\n\n\n\n<figure class=\"wp-block-image aligncenter size-large is-resized\"><img fetchpriority=\"high\" decoding=\"async\" width=\"819\" height=\"1024\" src=\"https:\/\/cineytele.com\/play\/wp-content\/uploads\/2026\/04\/image-173-819x1024.png\" alt=\"\" class=\"wp-image-43207\" style=\"aspect-ratio:0.8;width:430px;height:auto\" srcset=\"https:\/\/cineytele.com\/play\/wp-content\/uploads\/2026\/04\/image-173-819x1024.png 819w, https:\/\/cineytele.com\/play\/wp-content\/uploads\/2026\/04\/image-173-240x300.png 240w, https:\/\/cineytele.com\/play\/wp-content\/uploads\/2026\/04\/image-173-768x960.png 768w, https:\/\/cineytele.com\/play\/wp-content\/uploads\/2026\/04\/image-173.png 960w\" sizes=\"(max-width: 819px) 100vw, 819px\" \/><figcaption class=\"wp-element-caption\">Las Ovejas detectives Cartel oficial <\/figcaption><\/figure>\n\n\n\n<p>   <\/p>\n\n\n\n<figure class=\"wp-block-image alignright size-full\"><img decoding=\"async\" width=\"194\" height=\"259\" src=\"https:\/\/cineytele.com\/play\/wp-content\/uploads\/2026\/04\/image-175.png\" alt=\"\" class=\"wp-image-43209\"\/><figcaption class=\"wp-element-caption\">    Estreno el 8 de mayo<\/figcaption><\/figure>\n\n\n\n<p><em>\u201cLas ovejas detectives\u201d<\/em> se estrenar\u00e1 exclusivamente en cines el pr\u00f3ximo <strong>8 de mayo<\/strong>, presentando una propuesta original que combina comedia, misterio y animaci\u00f3n inspirada en la novela <em>\u201cThree Bags Full\u201d<\/em> de <strong>Leonie Swann<\/strong>. La pel\u00edcula est\u00e1 dirigida por <strong>Kyle Balda<\/strong> y cuenta con guion de <strong>Craig Mazin<\/strong> y la propia Swann.<\/p>\n\n\n\n<p>El proyecto destaca por su reparto internacional, con actores como <strong>Hugh Jackman<\/strong>, <strong>Emma Thompson<\/strong> y <strong>Regina Hall<\/strong>, entre otros, que dan vida a los personajes principales en versi\u00f3n original. En la versi\u00f3n en castellano, las voces de las protagonistas est\u00e1n interpretadas por <strong>Cristina Casta\u00f1o<\/strong>, <strong>Marta Hazas<\/strong> y <strong>Ernesto Alterio<\/strong>, aportando identidad local al proyecto.<\/p>\n\n\n\n<p>  <\/p>\n\n\n\n<figure class=\"wp-block-image alignleft size-full is-resized\"><img decoding=\"async\" width=\"640\" height=\"333\" src=\"https:\/\/cineytele.com\/play\/wp-content\/uploads\/2026\/04\/image-174.png\" alt=\"\" class=\"wp-image-43208\" style=\"aspect-ratio:1.9220329194340167;width:317px;height:auto\" srcset=\"https:\/\/cineytele.com\/play\/wp-content\/uploads\/2026\/04\/image-174.png 640w, https:\/\/cineytele.com\/play\/wp-content\/uploads\/2026\/04\/image-174-300x156.png 300w\" sizes=\"(max-width: 640px) 100vw, 640px\" \/><figcaption class=\"wp-element-caption\">      elenco de la pel\u00edcula <\/figcaption><\/figure>\n\n\n\n<p>La historia se centra en <strong>George<\/strong>, un pastor que cada noche lee novelas polic\u00edacas a sus ovejas sin imaginar que estas son capaces de comprenderlas. Sin embargo, cuando un misterioso incidente altera la tranquilidad de la granja, el reba\u00f1o se ve obligado a convertirse en un equipo de detectives. A partir de ese momento, las ovejas comienzan a investigar pistas, analizar sospechosos y resolver el enigma que afecta a su entorno.<\/p>\n\n\n\n<p>Con una mezcla de humor, misterio y un enfoque narrativo poco habitual, <strong><em>\u201cLas ovejas detectives\u201d<\/em> <\/strong>se presenta como una propuesta familiar que busca atraer tanto al p\u00fablico infantil como adulto, apostando por una historia ligera pero ingeniosa en torno al g\u00e9nero polic\u00edaco.<\/p>\n\n\n\n<p><\/p>\n","protected":false},"excerpt":{"rendered":"<p>La nueva pel\u00edcula dirigida por Kyle Balda adapta la novela de Leonie Swann con un reparto de voces de lujo.<br \/>\nEl film propone un ingenioso caso de investigaci\u00f3n protagonizado por un grupo de ovejas convertidas en detectives.<\/p>\n","protected":false},"author":28,"featured_media":43207,"template":"","tags":[210,66,956,8273],"categoria-de-noticias":[],"class_list":["post-43206","noticias","type-noticias","status-publish","has-post-thumbnail","hentry","tag-comedia","tag-estreno","tag-misterio","tag-ovejas"],"_links":{"self":[{"href":"https:\/\/cineytele.com\/play\/wp-json\/wp\/v2\/noticias\/43206","targetHints":{"allow":["GET"]}}],"collection":[{"href":"https:\/\/cineytele.com\/play\/wp-json\/wp\/v2\/noticias"}],"about":[{"href":"https:\/\/cineytele.com\/play\/wp-json\/wp\/v2\/types\/noticias"}],"author":[{"embeddable":true,"href":"https:\/\/cineytele.com\/play\/wp-json\/wp\/v2\/users\/28"}],"wp:featuredmedia":[{"embeddable":true,"href":"https:\/\/cineytele.com\/play\/wp-json\/wp\/v2\/media\/43207"}],"wp:attachment":[{"href":"https:\/\/cineytele.com\/play\/wp-json\/wp\/v2\/media?parent=43206"}],"wp:term":[{"taxonomy":"post_tag","embeddable":true,"href":"https:\/\/cineytele.com\/play\/wp-json\/wp\/v2\/tags?post=43206"},{"taxonomy":"categoria-de-noticias","embeddable":true,"href":"https:\/\/cineytele.com\/play\/wp-json\/wp\/v2\/categoria-de-noticias?post=43206"}],"curies":[{"name":"wp","href":"https:\/\/api.w.org\/{rel}","templated":true}]}}