{"id":43214,"date":"2026-04-27T19:57:58","date_gmt":"2026-04-27T17:57:58","guid":{"rendered":"https:\/\/cineytele.com\/play\/?post_type=noticias&#038;p=43214"},"modified":"2026-04-27T19:58:14","modified_gmt":"2026-04-27T17:58:14","slug":"canal-historia-estrena-la-mascara-de-hierro-el-enigma-del-rey-sol","status":"publish","type":"noticias","link":"https:\/\/cineytele.com\/play\/noticias\/canal-historia-estrena-la-mascara-de-hierro-el-enigma-del-rey-sol\/","title":{"rendered":"Canal HISTORIA estrena \u201cLa M\u00e1scara de Hierro, el enigma del Rey Sol\u201d"},"content":{"rendered":"\n<h2 class=\"wp-block-heading\">La nueva miniserie documental explora uno de los grandes misterios de la historia de Francia.<br>La producci\u00f3n revisita el caso del enigm\u00e1tico prisionero desde nuevas teor\u00edas, expertos y recreaciones visuales.<\/h2>\n\n\n\n<figure class=\"wp-block-image aligncenter size-large is-resized\"><img fetchpriority=\"high\" decoding=\"async\" width=\"1024\" height=\"555\" src=\"https:\/\/cineytele.com\/play\/wp-content\/uploads\/2026\/04\/image-179-1024x555.png\" alt=\"\" class=\"wp-image-43215\" style=\"aspect-ratio:1.845777464126088;width:637px;height:auto\" srcset=\"https:\/\/cineytele.com\/play\/wp-content\/uploads\/2026\/04\/image-179-1024x555.png 1024w, https:\/\/cineytele.com\/play\/wp-content\/uploads\/2026\/04\/image-179-300x163.png 300w, https:\/\/cineytele.com\/play\/wp-content\/uploads\/2026\/04\/image-179-768x416.png 768w, https:\/\/cineytele.com\/play\/wp-content\/uploads\/2026\/04\/image-179-1536x832.png 1536w, https:\/\/cineytele.com\/play\/wp-content\/uploads\/2026\/04\/image-179-2048x1110.png 2048w\" sizes=\"(max-width: 1024px) 100vw, 1024px\" \/><figcaption class=\"wp-element-caption\">llega a Canal Historia \u00abLa m\u00e1scara de hierro\u00bb, el enigma del rey sol\u00bb<\/figcaption><\/figure>\n\n\n\n<p><strong>Canal HISTORIA<\/strong> estrenar\u00e1 el pr\u00f3ximo <strong>martes 28 de abril a las 22:55h<\/strong> la miniserie documental <em>\u201cLa M\u00e1scara de Hierro, el enigma del Rey Sol\u201d<\/em>, una producci\u00f3n de dos episodios que aborda uno de los enigmas m\u00e1s persistentes de la historia francesa: la identidad del hombre que permaneci\u00f3 encarcelado durante m\u00e1s de 30 a\u00f1os bajo una identidad oculta.<\/p>\n\n\n\n<p>   <\/p>\n\n\n\n<figure class=\"wp-block-image alignleft size-full is-resized\"><img decoding=\"async\" width=\"1024\" height=\"554\" src=\"https:\/\/cineytele.com\/play\/wp-content\/uploads\/2026\/04\/image-180.png\" alt=\"\" class=\"wp-image-43216\" style=\"aspect-ratio:1.8484067796610169;width:357px;height:auto\" srcset=\"https:\/\/cineytele.com\/play\/wp-content\/uploads\/2026\/04\/image-180.png 1024w, https:\/\/cineytele.com\/play\/wp-content\/uploads\/2026\/04\/image-180-300x162.png 300w, https:\/\/cineytele.com\/play\/wp-content\/uploads\/2026\/04\/image-180-768x416.png 768w\" sizes=\"(max-width: 1024px) 100vw, 1024px\" \/><figcaption class=\"wp-element-caption\">    Fotograma de la serie documental <\/figcaption><\/figure>\n\n\n\n<p>La serie plantea una investigaci\u00f3n hist\u00f3rica en torno a la figura del llamado <strong>Hombre de la M\u00e1scara de Hierro<\/strong>, un prisionero cuya identidad nunca fue revelada y que ha alimentado durante siglos teor\u00edas, hip\u00f3tesis y leyendas. La producci\u00f3n se construye desde una narrativa que incorpora la perspectiva del propio <strong>Luis XIV<\/strong>, reabriendo el caso a trav\u00e9s de nuevas interpretaciones.<\/p>\n\n\n\n<p>A lo largo de los episodios, la miniserie analiza distintas teor\u00edas sobre su identidad, incluyendo posibles v\u00ednculos con la familia real o su implicaci\u00f3n en secretos pol\u00edticos de gran relevancia en el siglo XVII. Para ello, cuenta con la participaci\u00f3n de historiadores y expertos que aportan contexto y an\u00e1lisis cr\u00edtico, junto con recreaciones visuales generadas mediante inteligencia artificial que ayudan a reconstruir los hechos.<\/p>\n\n\n\n<p>    <\/p>\n\n\n\n<figure class=\"wp-block-image alignright size-full is-resized\"><img decoding=\"async\" width=\"232\" height=\"335\" src=\"https:\/\/cineytele.com\/play\/wp-content\/uploads\/2026\/04\/image-181.png\" alt=\"\" class=\"wp-image-43217\" style=\"width:206px;height:auto\" srcset=\"https:\/\/cineytele.com\/play\/wp-content\/uploads\/2026\/04\/image-181.png 232w, https:\/\/cineytele.com\/play\/wp-content\/uploads\/2026\/04\/image-181-208x300.png 208w\" sizes=\"(max-width: 232px) 100vw, 232px\" \/><figcaption class=\"wp-element-caption\">El gran misterio sin resolver <\/figcaption><\/figure>\n\n\n\n<p>El recorrido hist\u00f3rico se desarrolla en escenarios clave como las prisiones de <strong>Pignerol<\/strong> y la <strong>Bastilla<\/strong>, poniendo el foco tanto en la figura del prisionero como en los mecanismos de poder y discreci\u00f3n que rodearon su encarcelamiento. La serie tambi\u00e9n profundiza en la red de intereses pol\u00edticos que pudo influir en la creaci\u00f3n y mantenimiento de este secreto de Estado.<\/p>\n\n\n\n<p>Con una aproximaci\u00f3n contempor\u00e1nea y rigurosa, <em><strong>\u201cLa M\u00e1scara de Hierro,<\/strong> <strong>el enigma del Rey Sol<\/strong>\u201d<\/em> busca arrojar nueva luz sobre un misterio que, tres siglos despu\u00e9s, contin\u00faa sin resolverse, combinando divulgaci\u00f3n hist\u00f3rica, an\u00e1lisis experto y recursos audiovisuales innovadores.<\/p>\n\n\n\n<p><\/p>\n","protected":false},"excerpt":{"rendered":"<p>La nueva miniserie documental explora uno de los grandes misterios de la historia de Francia.<br \/>\nLa producci\u00f3n revisita el caso del enigm\u00e1tico prisionero desde nuevas teor\u00edas, expertos y recreaciones visuales.<\/p>\n","protected":false},"author":28,"featured_media":43215,"template":"","tags":[569,66,8275],"categoria-de-noticias":[],"class_list":["post-43214","noticias","type-noticias","status-publish","has-post-thumbnail","hentry","tag-canal-historia","tag-estreno","tag-mascara-de-hierro"],"_links":{"self":[{"href":"https:\/\/cineytele.com\/play\/wp-json\/wp\/v2\/noticias\/43214","targetHints":{"allow":["GET"]}}],"collection":[{"href":"https:\/\/cineytele.com\/play\/wp-json\/wp\/v2\/noticias"}],"about":[{"href":"https:\/\/cineytele.com\/play\/wp-json\/wp\/v2\/types\/noticias"}],"author":[{"embeddable":true,"href":"https:\/\/cineytele.com\/play\/wp-json\/wp\/v2\/users\/28"}],"wp:featuredmedia":[{"embeddable":true,"href":"https:\/\/cineytele.com\/play\/wp-json\/wp\/v2\/media\/43215"}],"wp:attachment":[{"href":"https:\/\/cineytele.com\/play\/wp-json\/wp\/v2\/media?parent=43214"}],"wp:term":[{"taxonomy":"post_tag","embeddable":true,"href":"https:\/\/cineytele.com\/play\/wp-json\/wp\/v2\/tags?post=43214"},{"taxonomy":"categoria-de-noticias","embeddable":true,"href":"https:\/\/cineytele.com\/play\/wp-json\/wp\/v2\/categoria-de-noticias?post=43214"}],"curies":[{"name":"wp","href":"https:\/\/api.w.org\/{rel}","templated":true}]}}