{"id":43218,"date":"2026-04-28T13:23:40","date_gmt":"2026-04-28T11:23:40","guid":{"rendered":"https:\/\/cineytele.com\/play\/?post_type=noticias&#038;p=43218"},"modified":"2026-04-28T13:26:30","modified_gmt":"2026-04-28T11:26:30","slug":"la-comic-con-malaga-2026-abre-su-venta-general-el-4-de-mayo","status":"publish","type":"noticias","link":"https:\/\/cineytele.com\/play\/noticias\/la-comic-con-malaga-2026-abre-su-venta-general-el-4-de-mayo\/","title":{"rendered":"La Comic-Con M\u00e1laga 2026 abre su venta general el 4 de mayo"},"content":{"rendered":"\n<h2 class=\"wp-block-heading\">La esperada cita de cultura pop activa la compra de entradas para todos los p\u00fablicos.<br>Los fans podr\u00e1n adquirir hasta cuatro entradas por persona a trav\u00e9s de Ticketmaster.<\/h2>\n\n\n\n<figure class=\"wp-block-image aligncenter size-full\"><img fetchpriority=\"high\" decoding=\"async\" width=\"720\" height=\"405\" src=\"https:\/\/cineytele.com\/play\/wp-content\/uploads\/2026\/04\/image-182.png\" alt=\"\" class=\"wp-image-43219\" srcset=\"https:\/\/cineytele.com\/play\/wp-content\/uploads\/2026\/04\/image-182.png 720w, https:\/\/cineytele.com\/play\/wp-content\/uploads\/2026\/04\/image-182-300x169.png 300w\" sizes=\"(max-width: 720px) 100vw, 720px\" \/><figcaption class=\"wp-element-caption\">2026 M\u00e1laga <\/figcaption><\/figure>\n\n\n\n<p>La <strong>San Diego Comic-Con\u00ae M\u00e1laga<\/strong> ha anunciado que su Venta General de entradas para la edici\u00f3n de 2026 comenzar\u00e1 el pr\u00f3ximo lunes 4 de mayo a las 10:00h a trav\u00e9s de <strong>Ticketmaster<\/strong>, plataforma oficial del evento. Tras una semana de preventa exclusiva dirigida a asistentes de 2025, la compra se abre ahora al p\u00fablico general.<\/p>\n\n\n\n<p>Para acceder a las entradas, los usuarios deber\u00e1n contar con un Registration ID ya sea generado para esta edici\u00f3n o reutilizando el de 2025, adem\u00e1s de disponer de una cuenta en <strong>Ticketmaster<\/strong> vinculada al mismo correo electr\u00f3nico. Cada comprador podr\u00e1 adquirir un m\u00e1ximo de cuatro entradas, incluyendo la suya y la de hasta tres acompa\u00f1antes.<\/p>\n\n\n\n<p>   <\/p>\n\n\n\n<figure class=\"wp-block-image alignleft size-large is-resized\"><img decoding=\"async\" width=\"1024\" height=\"1024\" src=\"https:\/\/cineytele.com\/play\/wp-content\/uploads\/2026\/04\/image-183-1024x1024.png\" alt=\"\" class=\"wp-image-43220\" style=\"width:237px;height:auto\" srcset=\"https:\/\/cineytele.com\/play\/wp-content\/uploads\/2026\/04\/image-183-1024x1024.png 1024w, https:\/\/cineytele.com\/play\/wp-content\/uploads\/2026\/04\/image-183-300x300.png 300w, https:\/\/cineytele.com\/play\/wp-content\/uploads\/2026\/04\/image-183-150x150.png 150w, https:\/\/cineytele.com\/play\/wp-content\/uploads\/2026\/04\/image-183-768x768.png 768w, https:\/\/cineytele.com\/play\/wp-content\/uploads\/2026\/04\/image-183.png 1200w\" sizes=\"(max-width: 1024px) 100vw, 1024px\" \/><figcaption class=\"wp-element-caption\">Venta de entradas 2026<\/figcaption><\/figure>\n\n\n\n<p>Las entradas estar\u00e1n disponibles por jornadas individuales (del jueves 1 al domingo 4 de octubre) o en formato de abono completo de cuatro d\u00edas. Los precios se mantienen respecto a la preventa: 80 euros (m\u00e1s gastos) para mayores de 13 a\u00f1os, 35 euros para menores de hasta 12 a\u00f1os, y acceso gratuito limitado para ni\u00f1os de 0 a 3 a\u00f1os.<\/p>\n\n\n\n<p>En esta segunda edici\u00f3n, <strong>San Diego Comic-Con\u00ae M\u00e1laga<\/strong> mantendr\u00e1 su aforo de 90.000 asistentes, distribuidos en 22.500 por d\u00eda, y ampliar\u00e1 sus instalaciones con un nuevo pabell\u00f3n de m\u00e1s de 9.000 m\u00b2, un Artists&#8217; Alley m\u00e1s grande y un nuevo auditorio.<\/p>\n\n\n\n<p>El evento ya ha confirmado la presencia de invitados destacados como <strong>Michael Rooker<\/strong>, <strong>John Romita Jr.<\/strong> y <strong>Kevin Smith<\/strong>, reforzando su posicionamiento como uno de los principales encuentros europeos de la industria del entretenimiento.<\/p>\n\n\n\n<p>Adem\u00e1s, los asistentes podr\u00e1n adquirir art\u00edculos exclusivos como un pin y un lanyard dise\u00f1ados por <strong>Rodrigo Blaas<\/strong> y <strong>Carlos Salgado<\/strong>, disponibles \u00fanicamente online.<\/p>\n\n\n\n<p>    <\/p>\n\n\n\n<figure class=\"wp-block-image alignright size-large is-resized\"><img decoding=\"async\" width=\"1024\" height=\"576\" src=\"https:\/\/cineytele.com\/play\/wp-content\/uploads\/2026\/04\/image-184-1024x576.png\" alt=\"\" class=\"wp-image-43221\" style=\"width:311px;height:auto\" srcset=\"https:\/\/cineytele.com\/play\/wp-content\/uploads\/2026\/04\/image-184-1024x576.png 1024w, https:\/\/cineytele.com\/play\/wp-content\/uploads\/2026\/04\/image-184-300x169.png 300w, https:\/\/cineytele.com\/play\/wp-content\/uploads\/2026\/04\/image-184-768x432.png 768w, https:\/\/cineytele.com\/play\/wp-content\/uploads\/2026\/04\/image-184-1536x864.png 1536w, https:\/\/cineytele.com\/play\/wp-content\/uploads\/2026\/04\/image-184.png 1920w\" sizes=\"(max-width: 1024px) 100vw, 1024px\" \/><\/figure>\n\n\n\n<p>Organizada por <strong>Fundaci\u00f3n Cultura Pop Contempor\u00e1nea<\/strong> y <strong>Dentsu<\/strong>, la <strong>San Diego Comic-Con\u00ae M\u00e1laga<\/strong> se consolida como la edici\u00f3n europea oficial de una de las convenciones m\u00e1s influyentes del mundo, reuniendo a profesionales y fans del cine, las series, el c\u00f3mic, los videojuegos y la animaci\u00f3n.<\/p>\n\n\n\n<p><\/p>\n","protected":false},"excerpt":{"rendered":"<p>La esperada cita de cultura pop activa la compra de entradas para todos los p\u00fablicos.<br \/>\nLos fans podr\u00e1n adquirir hasta cuatro entradas por persona a trav\u00e9s de Ticketmaster.<\/p>\n","protected":false},"author":28,"featured_media":43219,"template":"","tags":[7793,8276,731,4719],"categoria-de-noticias":[],"class_list":["post-43218","noticias","type-noticias","status-publish","has-post-thumbnail","hentry","tag-7793","tag-comic-con-2","tag-entradas","tag-malaga"],"_links":{"self":[{"href":"https:\/\/cineytele.com\/play\/wp-json\/wp\/v2\/noticias\/43218","targetHints":{"allow":["GET"]}}],"collection":[{"href":"https:\/\/cineytele.com\/play\/wp-json\/wp\/v2\/noticias"}],"about":[{"href":"https:\/\/cineytele.com\/play\/wp-json\/wp\/v2\/types\/noticias"}],"author":[{"embeddable":true,"href":"https:\/\/cineytele.com\/play\/wp-json\/wp\/v2\/users\/28"}],"wp:featuredmedia":[{"embeddable":true,"href":"https:\/\/cineytele.com\/play\/wp-json\/wp\/v2\/media\/43219"}],"wp:attachment":[{"href":"https:\/\/cineytele.com\/play\/wp-json\/wp\/v2\/media?parent=43218"}],"wp:term":[{"taxonomy":"post_tag","embeddable":true,"href":"https:\/\/cineytele.com\/play\/wp-json\/wp\/v2\/tags?post=43218"},{"taxonomy":"categoria-de-noticias","embeddable":true,"href":"https:\/\/cineytele.com\/play\/wp-json\/wp\/v2\/categoria-de-noticias?post=43218"}],"curies":[{"name":"wp","href":"https:\/\/api.w.org\/{rel}","templated":true}]}}