{"id":43226,"date":"2026-04-28T13:58:55","date_gmt":"2026-04-28T11:58:55","guid":{"rendered":"https:\/\/cineytele.com\/play\/?post_type=noticias&#038;p=43226"},"modified":"2026-04-28T14:12:29","modified_gmt":"2026-04-28T12:12:29","slug":"canal-historia-estrena-un-ambicioso-recorrido-diario-por-la-historia-de-espana","status":"publish","type":"noticias","link":"https:\/\/cineytele.com\/play\/noticias\/canal-historia-estrena-un-ambicioso-recorrido-diario-por-la-historia-de-espana\/","title":{"rendered":"Canal HISTORIA estrena un ambicioso recorrido diario por la historia de Espa\u00f1a"},"content":{"rendered":"\n<h2 class=\"wp-block-heading\">El nuevo formato repasa 365 efem\u00e9rides clave en episodios diarios emitidos durante todo el a\u00f1o.<br>El proyecto combina divulgaci\u00f3n, rigor hist\u00f3rico y vocaci\u00f3n educativa con m\u00e1s de 20 horas de contenido.<\/h2>\n\n\n\n<figure class=\"wp-block-image aligncenter size-large is-resized\"><img fetchpriority=\"high\" decoding=\"async\" width=\"1024\" height=\"683\" src=\"https:\/\/cineytele.com\/play\/wp-content\/uploads\/2026\/04\/image-188-1024x683.png\" alt=\"\" class=\"wp-image-43227\" style=\"width:655px;height:auto\" srcset=\"https:\/\/cineytele.com\/play\/wp-content\/uploads\/2026\/04\/image-188-1024x683.png 1024w, https:\/\/cineytele.com\/play\/wp-content\/uploads\/2026\/04\/image-188-300x200.png 300w, https:\/\/cineytele.com\/play\/wp-content\/uploads\/2026\/04\/image-188-768x512.png 768w, https:\/\/cineytele.com\/play\/wp-content\/uploads\/2026\/04\/image-188-1536x1024.png 1536w, https:\/\/cineytele.com\/play\/wp-content\/uploads\/2026\/04\/image-188.png 2048w\" sizes=\"(max-width: 1024px) 100vw, 1024px\" \/><figcaption class=\"wp-element-caption\">Recorrido por la historia de Espa\u00f1a <\/figcaption><\/figure>\n\n\n\n<p>El canal <strong>Canal HISTORIA<\/strong> lanza el pr\u00f3ximo 2 de mayo el programa <em><strong>Un d\u00eda en la Historia de Espa\u00f1a<\/strong><\/em>, una producci\u00f3n propia que propone un recorrido por los principales acontecimientos del pasado del pa\u00eds a trav\u00e9s de 365 episodios, cada uno vinculado a una fecha concreta del calendario hist\u00f3rico.<\/p>\n\n\n\n<p>   <\/p>\n\n\n\n<figure class=\"wp-block-image alignleft size-large is-resized\"><img decoding=\"async\" width=\"1024\" height=\"703\" src=\"https:\/\/cineytele.com\/play\/wp-content\/uploads\/2026\/04\/image-189-1024x703.png\" alt=\"\" class=\"wp-image-43228\" style=\"aspect-ratio:1.4566707879060357;width:332px;height:auto\" srcset=\"https:\/\/cineytele.com\/play\/wp-content\/uploads\/2026\/04\/image-189-1024x703.png 1024w, https:\/\/cineytele.com\/play\/wp-content\/uploads\/2026\/04\/image-189-300x206.png 300w, https:\/\/cineytele.com\/play\/wp-content\/uploads\/2026\/04\/image-189-768x527.png 768w, https:\/\/cineytele.com\/play\/wp-content\/uploads\/2026\/04\/image-189-1536x1055.png 1536w, https:\/\/cineytele.com\/play\/wp-content\/uploads\/2026\/04\/image-189.png 2048w\" sizes=\"(max-width: 1024px) 100vw, 1024px\" \/><figcaption class=\"wp-element-caption\">Cuadro mostrado en el Documental <\/figcaption><\/figure>\n\n\n\n<p>El formato, presentado por <strong>Jos\u00e9 Carlos Gracia<\/strong>, creador del podcast Memorias de un Tambor, supone su salto a la televisi\u00f3n con un enfoque divulgativo basado en el rigor y la narrativa accesible. Cada entrega rescata hechos relevantes, personajes y momentos clave para entender la evoluci\u00f3n hist\u00f3rica de Espa\u00f1a.<\/p>\n\n\n\n<p>El proyecto supera las 20 horas de contenido total y est\u00e1 dise\u00f1ado como una serie diaria, emitida en la misma fecha en la que ocurrieron los acontecimientos narrados. El estreno estar\u00e1 dedicado a los levantamientos de 1808 en Madrid, con futuras entregas centradas en episodios como la publicaci\u00f3n de <em>Don Quijote de la Mancha<\/em> o la conversi\u00f3n de Recaredo.<\/p>\n\n\n\n<p>Seg\u00fan <strong>Antonio Ruiz<\/strong>, director general de AMC Global Media Iberia &amp; Latin America, se trata de una apuesta por un contenido hist\u00f3rico innovador que busca tanto entretener como servir de herramienta educativa.<\/p>\n\n\n\n<p>   <\/p>\n\n\n\n<figure class=\"wp-block-image alignright size-large is-resized\"><img decoding=\"async\" width=\"1024\" height=\"740\" src=\"https:\/\/cineytele.com\/play\/wp-content\/uploads\/2026\/04\/image-190-1024x740.png\" alt=\"\" class=\"wp-image-43229\" style=\"aspect-ratio:1.3838045040728317;width:348px;height:auto\" srcset=\"https:\/\/cineytele.com\/play\/wp-content\/uploads\/2026\/04\/image-190-1024x740.png 1024w, https:\/\/cineytele.com\/play\/wp-content\/uploads\/2026\/04\/image-190-300x217.png 300w, https:\/\/cineytele.com\/play\/wp-content\/uploads\/2026\/04\/image-190-768x555.png 768w, https:\/\/cineytele.com\/play\/wp-content\/uploads\/2026\/04\/image-190-1536x1109.png 1536w, https:\/\/cineytele.com\/play\/wp-content\/uploads\/2026\/04\/image-190.png 2048w\" sizes=\"(max-width: 1024px) 100vw, 1024px\" \/><figcaption class=\"wp-element-caption\">Cuadro de la guerra de independencia Espa\u00f1a-Francia <\/figcaption><\/figure>\n\n\n\n<p>El proyecto tambi\u00e9n tiene una fuerte orientaci\u00f3n pedag\u00f3gica, ya que los cap\u00edtulos estar\u00e1n disponibles para la comunidad docente a trav\u00e9s de una plataforma espec\u00edfica, facilitando su uso en el aula como apoyo formativo.<\/p>\n\n\n\n<p>Canal HISTORIA, producido en Espa\u00f1a por AMC Global Media, refuerza as\u00ed su l\u00ednea de contenidos documentales con una propuesta que combina televisi\u00f3n, divulgaci\u00f3n digital y recursos educativos, consolidando su posicionamiento en el \u00e1mbito del documental hist\u00f3rico.<\/p>\n\n\n\n<p><\/p>\n","protected":false},"excerpt":{"rendered":"<p>El nuevo formato repasa 365 efem\u00e9rides clave en episodios diarios emitidos durante todo el a\u00f1o.<br \/>\nEl proyecto combina divulgaci\u00f3n, rigor hist\u00f3rico y vocaci\u00f3n educativa con m\u00e1s de 20 horas de contenido.<\/p>\n","protected":false},"author":28,"featured_media":43227,"template":"","tags":[7793,569,599,8281],"categoria-de-noticias":[],"class_list":["post-43226","noticias","type-noticias","status-publish","has-post-thumbnail","hentry","tag-7793","tag-canal-historia","tag-espana","tag-historia-de-espana"],"_links":{"self":[{"href":"https:\/\/cineytele.com\/play\/wp-json\/wp\/v2\/noticias\/43226","targetHints":{"allow":["GET"]}}],"collection":[{"href":"https:\/\/cineytele.com\/play\/wp-json\/wp\/v2\/noticias"}],"about":[{"href":"https:\/\/cineytele.com\/play\/wp-json\/wp\/v2\/types\/noticias"}],"author":[{"embeddable":true,"href":"https:\/\/cineytele.com\/play\/wp-json\/wp\/v2\/users\/28"}],"wp:featuredmedia":[{"embeddable":true,"href":"https:\/\/cineytele.com\/play\/wp-json\/wp\/v2\/media\/43227"}],"wp:attachment":[{"href":"https:\/\/cineytele.com\/play\/wp-json\/wp\/v2\/media?parent=43226"}],"wp:term":[{"taxonomy":"post_tag","embeddable":true,"href":"https:\/\/cineytele.com\/play\/wp-json\/wp\/v2\/tags?post=43226"},{"taxonomy":"categoria-de-noticias","embeddable":true,"href":"https:\/\/cineytele.com\/play\/wp-json\/wp\/v2\/categoria-de-noticias?post=43226"}],"curies":[{"name":"wp","href":"https:\/\/api.w.org\/{rel}","templated":true}]}}