{"id":43230,"date":"2026-04-28T14:21:38","date_gmt":"2026-04-28T12:21:38","guid":{"rendered":"https:\/\/cineytele.com\/play\/?post_type=noticias&#038;p=43230"},"modified":"2026-04-28T14:22:03","modified_gmt":"2026-04-28T12:22:03","slug":"100-unicos-regresa-a-cuatro-con-daniel-guzman-y-nuevos-invitados-en-su-segunda-temporada","status":"publish","type":"noticias","link":"https:\/\/cineytele.com\/play\/noticias\/100-unicos-regresa-a-cuatro-con-daniel-guzman-y-nuevos-invitados-en-su-segunda-temporada\/","title":{"rendered":"\u2018100% \u00danicos\u2019 regresa a Cuatro con Daniel Guzm\u00e1n y nuevos invitados en su segunda temporada"},"content":{"rendered":"\n<h2 class=\"wp-block-heading\">El formato vuelve con entrevistas protagonizadas por reporteros con TEA y grandes nombres del panorama nacional.<br>La nueva etapa combina emoci\u00f3n, entretenimiento y visibilizaci\u00f3n social con Ana Rosa Quintana y David Bustamante como primeros invitados.<\/h2>\n\n\n\n<figure class=\"wp-block-image size-large\"><img fetchpriority=\"high\" decoding=\"async\" width=\"1024\" height=\"576\" src=\"https:\/\/cineytele.com\/play\/wp-content\/uploads\/2026\/04\/image-191-1024x576.png\" alt=\"\" class=\"wp-image-43231\" srcset=\"https:\/\/cineytele.com\/play\/wp-content\/uploads\/2026\/04\/image-191-1024x576.png 1024w, https:\/\/cineytele.com\/play\/wp-content\/uploads\/2026\/04\/image-191-300x169.png 300w, https:\/\/cineytele.com\/play\/wp-content\/uploads\/2026\/04\/image-191-768x432.png 768w, https:\/\/cineytele.com\/play\/wp-content\/uploads\/2026\/04\/image-191-1536x864.png 1536w, https:\/\/cineytele.com\/play\/wp-content\/uploads\/2026\/04\/image-191.png 1920w\" sizes=\"(max-width: 1024px) 100vw, 1024px\" \/><figcaption class=\"wp-element-caption\">                                                                               100% \u00fanicos en Cuatro <\/figcaption><\/figure>\n\n\n\n<p>100% \u00danicos estrena su segunda temporada en Cuatro con una nueva etapa en la que el actor y director <strong>Daniel Guzm\u00e1n<\/strong> debuta como presentador. El programa mantiene su esencia original: entrevistas realizadas por treinta reporteros con Trastorno del Espectro Autista (TEA), que dialogan con figuras destacadas de la cultura, el deporte, la pol\u00edtica y el entretenimiento.<\/p>\n\n\n\n<p>   <\/p>\n\n\n\n<figure class=\"wp-block-image alignleft size-large is-resized\"><img decoding=\"async\" width=\"1024\" height=\"576\" src=\"https:\/\/cineytele.com\/play\/wp-content\/uploads\/2026\/04\/image-192-1024x576.png\" alt=\"\" class=\"wp-image-43232\" style=\"width:347px;height:auto\" srcset=\"https:\/\/cineytele.com\/play\/wp-content\/uploads\/2026\/04\/image-192-1024x576.png 1024w, https:\/\/cineytele.com\/play\/wp-content\/uploads\/2026\/04\/image-192-300x169.png 300w, https:\/\/cineytele.com\/play\/wp-content\/uploads\/2026\/04\/image-192-768x432.png 768w, https:\/\/cineytele.com\/play\/wp-content\/uploads\/2026\/04\/image-192-1536x864.png 1536w, https:\/\/cineytele.com\/play\/wp-content\/uploads\/2026\/04\/image-192.png 1920w\" sizes=\"(max-width: 1024px) 100vw, 1024px\" \/><figcaption class=\"wp-element-caption\">              Daniel G\u00fazman <\/figcaption><\/figure>\n\n\n\n<p>La nueva temporada arranca con <strong>Ana Rosa Quintana<\/strong> y <strong>David Bustamante<\/strong> como protagonistas del primer episodio. Bustamante repasa su trayectoria personal y profesional en un tono cercano, abordando temas como la fama, la autoestima o la p\u00e9rdida de su amigo \u00c1lex Casademunt. Por su parte, Ana Rosa Quintana centra su intervenci\u00f3n en cuestiones sociales como la inserci\u00f3n laboral de las personas con TEA, adem\u00e1s de reflexiones personales sobre el ritmo de vida actual.<\/p>\n\n\n\n<p>El formato, producido por Shine Iberia junto a Mediaset Espa\u00f1a, vuelve a apostar por un enfoque emocional y humano que combina espontaneidad, inclusi\u00f3n y entretenimiento. A lo largo de las distintas entregas, tambi\u00e9n participar\u00e1n nombres como <strong>M\u00f3nica Naranjo,<\/strong> <strong>Pablo Albor\u00e1n<\/strong>, <strong>Dani Mart\u00edn,<\/strong> <strong>Fernando Tejero<\/strong> o <strong>Pepe Rodr\u00edguez, <\/strong>entre otros.<\/p>\n\n\n\n<p>El programa, basado en el formato internacional Les Rencontres du Papotin, se ha consolidado como una propuesta reconocida internacionalmente por su labor de visibilizaci\u00f3n del autismo. Ha sido adaptado en m\u00e1s de veinte pa\u00edses y cuenta con numerosos premios relacionados con la inclusi\u00f3n y la innovaci\u00f3n televisiva.<\/p>\n\n\n\n<p>Con esta nueva temporada, <strong>\u2018100% \u00danicos\u2019<\/strong> refuerza su posici\u00f3n como uno de los formatos m\u00e1s singulares de la televisi\u00f3n actual, combinando entrevistas imprevisibles, emoci\u00f3n y un fuerte compromiso social.<\/p>\n\n\n\n<p><\/p>\n","protected":false},"excerpt":{"rendered":"<p>El formato vuelve con entrevistas protagonizadas por reporteros con TEA y grandes nombres del panorama nacional.<br \/>\nLa nueva etapa combina emoci\u00f3n, entretenimiento y visibilizaci\u00f3n social con Ana Rosa Quintana y David Bustamante como primeros invitados.<\/p>\n","protected":false},"author":28,"featured_media":43231,"template":"","tags":[8282,692,130],"categoria-de-noticias":[],"class_list":["post-43230","noticias","type-noticias","status-publish","has-post-thumbnail","hentry","tag-100-unicos","tag-cuatro","tag-mediaset"],"_links":{"self":[{"href":"https:\/\/cineytele.com\/play\/wp-json\/wp\/v2\/noticias\/43230","targetHints":{"allow":["GET"]}}],"collection":[{"href":"https:\/\/cineytele.com\/play\/wp-json\/wp\/v2\/noticias"}],"about":[{"href":"https:\/\/cineytele.com\/play\/wp-json\/wp\/v2\/types\/noticias"}],"author":[{"embeddable":true,"href":"https:\/\/cineytele.com\/play\/wp-json\/wp\/v2\/users\/28"}],"wp:featuredmedia":[{"embeddable":true,"href":"https:\/\/cineytele.com\/play\/wp-json\/wp\/v2\/media\/43231"}],"wp:attachment":[{"href":"https:\/\/cineytele.com\/play\/wp-json\/wp\/v2\/media?parent=43230"}],"wp:term":[{"taxonomy":"post_tag","embeddable":true,"href":"https:\/\/cineytele.com\/play\/wp-json\/wp\/v2\/tags?post=43230"},{"taxonomy":"categoria-de-noticias","embeddable":true,"href":"https:\/\/cineytele.com\/play\/wp-json\/wp\/v2\/categoria-de-noticias?post=43230"}],"curies":[{"name":"wp","href":"https:\/\/api.w.org\/{rel}","templated":true}]}}